{"id":2030,"date":"2025-10-30T11:55:00","date_gmt":"2025-10-30T14:55:00","guid":{"rendered":"https:\/\/www.encontrarecife.com.br\/sobre\/?p=2030"},"modified":"2025-10-30T11:55:00","modified_gmt":"2025-10-30T14:55:00","slug":"camara-concede-titulo-de-cidadao-do-recife-ao-jornalista-fabio-araujo","status":"publish","type":"post","link":"https:\/\/www.encontrarecife.com.br\/sobre\/camara-concede-titulo-de-cidadao-do-recife-ao-jornalista-fabio-araujo\/","title":{"rendered":"C\u00e2mara concede T\u00edtulo de Cidad\u00e3o do Recife ao jornalista F\u00e1bio Ara\u00fajo"},"content":{"rendered":"<div class=\"13f566c1641b828fb11817b18261638d\" data-index=\"1\" style=\"float: none; margin:0px;\">\n<!-- Anuncio display - global -->\r\n<ins class=\"adsbygoogle\"\r\n     style=\"display:block\"\r\n     data-ad-client=\"ca-pub-8585364105181520\"\r\n     data-ad-slot=\"8789329856\"\r\n     data-ad-format=\"auto\"\r\n     data-full-width-responsive=\"true\"><\/ins>\r\n<script>\r\n     (adsbygoogle = window.adsbygoogle || []).push({});\r\n<\/script>\n<\/div>\n<h2>F\u00e1bio Ara\u00fajo: Um Jornalista de Cora\u00e7\u00e3o<\/h2>\n<p>F\u00e1bio Ara\u00fajo \u00e9 um nome amplamente reconhecido no jornalismo pernambucano. Com uma carreira que se estende por mais de duas d\u00e9cadas, ele se destacou por seu compromisso com a verdade e sua paix\u00e3o por contar hist\u00f3rias. <strong>Natural do Recife<\/strong>, F\u00e1bio tem um profundo amor pela cidade, o que se reflete em seu trabalho di\u00e1rio.<\/p>\n<p>Formado em Jornalismo pela <em>Universidade Federal de Pernambuco<\/em>, ele come\u00e7ou sua trajet\u00f3ria em pequenas reda\u00e7\u00f5es, onde rapidamente ganhou notoriedade por sua capacidade de investigar e relatar assuntos relevantes. Sua abordagem cr\u00edtica e anal\u00edtica se tornou sua marca registrada, permitindo que ele se tornasse uma voz respeitada dentro da comunidade jornal\u00edstica.<\/p>\n<h2>A Cerim\u00f4nia de Entrega do T\u00edtulo<\/h2>\n<p>A cerim\u00f4nia de entrega do <strong>T\u00edtulo de Cidad\u00e3o do Recife<\/strong> a F\u00e1bio Ara\u00fajo ocorreu na C\u00e2mara Municipal do Recife e contou com a presen\u00e7a de v\u00e1rias personalidades e cidad\u00e3os que honraram seu trabalho. A cerim\u00f4nia foi marcada por discursos emotivos e homenagens, ressaltando a import\u00e2ncia de F\u00e1bio para a sociedade recifense.<\/p>\n<p>Durante a cerim\u00f4nia, diversos amigos e colegas tiveram a oportunidade de expressar como o trabalho de F\u00e1bio impactou suas vidas e a cidade. A emo\u00e7\u00e3o ficou evidente em cada fala, demonstrando o quanto a trajet\u00f3ria profissional de F\u00e1bio \u00e9 admirada e respeitada.<\/p>\n<h2>O Que Representa Ser Cidad\u00e3o do Recife?<\/h2>\n<p>Receber o t\u00edtulo de Cidad\u00e3o do Recife \u00e9 uma grande honra. Este t\u00edtulo \u00e9 concedido a pessoas que contribu\u00edram significativamente para o desenvolvimento da cidade. Ser reconhecido como cidad\u00e3o recifense \u00e9 um s\u00edmbolo de gratid\u00e3o e reconhecimento por parte da comunidade.<\/p>\n<p>Para F\u00e1bio Ara\u00fajo, este t\u00edtulo n\u00e3o \u00e9 apenas uma medalha, mas um compromisso renovado com a cidade. Ele se comprometeu a continuar sua miss\u00e3o de informar e educar o p\u00fablico, sempre em busca da verdade e da justi\u00e7a social.<\/p>\n<h2>Pol\u00edtica e Jornalismo: A Conex\u00e3o de F\u00e1bio Ara\u00fajo<\/h2>\n<p>F\u00e1bio sempre acreditou na interse\u00e7\u00e3o entre jornalismo e pol\u00edtica. Ele reflete sobre como essas duas \u00e1reas est\u00e3o intimamente ligadas e como a m\u00eddia desempenha um papel crucial na democracia. Seus artigos e reportagens muitas vezes abordam temas pol\u00edticos, visando informar a popula\u00e7\u00e3o sobre a import\u00e2ncia do engajamento c\u00edvico.<\/p>\n<p>Com seu estilo \u00fanico, F\u00e1bio n\u00e3o hesita em confrontar pol\u00edticos e autoridades quando necess\u00e1rio. Sua coragem em relatar a verdade o torna um defensor dos cidad\u00e3os, dando voz \u00e0queles que muitas vezes s\u00e3o ignorados.<\/p>\n<h2>Principais Contribui\u00e7\u00f5es de F\u00e1bio ao Recife<\/h2>\n<p>As contribui\u00e7\u00f5es de F\u00e1bio Ara\u00fajo v\u00e3o al\u00e9m da mera informa\u00e7\u00e3o. Ele \u00e9 um defensor de diversas causas sociais, incluindo:<\/p>\n<ul>\n<li><strong>Literatura e Educa\u00e7\u00e3o:<\/strong> F\u00e1bio organiza eventos liter\u00e1rios que incentivam a leitura e a educa\u00e7\u00e3o entre os jovens.<\/li>\n<li><strong>Sustentabilidade:<\/strong> Com reportagens sobre temas ambientais, ele busca conscientizar a popula\u00e7\u00e3o sobre a import\u00e2ncia da conserva\u00e7\u00e3o.<\/li>\n<li><strong>Direitos Humanos:<\/strong> F\u00e1bio \u00e9 um ativo defensor dos direitos humanos e frequentemente denuncia abusos, buscando justi\u00e7a.<\/li>\n<\/ul>\n<h2>O Papel da M\u00eddia na Cidadania<\/h2>\n<p>A import\u00e2ncia da m\u00eddia na forma\u00e7\u00e3o de cidad\u00e3os informados \u00e9 ineg\u00e1vel. F\u00e1bio Ara\u00fajo, atrav\u00e9s de seu trabalho, demonstra como a jornalismo pode ser um agente de mudan\u00e7a. Ele ensina que a informa\u00e7\u00e3o \u00e9 poder e que cada cidad\u00e3o tem a responsabilidade de se informar e participar ativamente da sociedade.<\/p>\n<p>F\u00e1bio acredita que a imprensa livre \u00e9 fundamental para a democracia, servindo como um espa\u00e7o para debate e questionamento, onde as vozes da comunidade podem ser ouvidas e respeitadas.<\/p>\n<h2>Testemunhos de Amigos e Familiares<\/h2>\n<p>Amigos e familiares de F\u00e1bio Ara\u00fajo t\u00eam compartido hist\u00f3rias emocionantes sobre sua dedica\u00e7\u00e3o e paix\u00e3o pelo jornalismo. Muitos ressaltam:<\/p>\n<ul>\n<li><strong>Empatia:<\/strong> F\u00e1bio sempre se colocou no lugar dos outros, buscando entender diferentes perspectivas.<\/li>\n<li><strong>Dedica\u00e7\u00e3o:<\/strong> N\u00e3o importando a situa\u00e7\u00e3o, ele est\u00e1 sempre disposto a ouvir e ajudar.<\/li>\n<li><strong>Inspira\u00e7\u00e3o:<\/strong> Sua trajet\u00f3ria inspira muitos jovens a seguirem o caminho do jornalismo.<\/li>\n<\/ul>\n<h2>A Rea\u00e7\u00e3o de F\u00e1bio ao Receber a Honraria<\/h2>\n<p>Ao receber o t\u00edtulo de Cidad\u00e3o do Recife, F\u00e1bio Ara\u00fajo expressou profunda gratid\u00e3o. Ele usou suas palavras para refletir sobre seu amor pela cidade e pelo trabalho que desempenha. A emo\u00e7\u00e3o era palp\u00e1vel em sua voz, e ele agradeceu a todos que o apoiaram ao longo de sua carreira.<\/p>\n<p>F\u00e1bio tamb\u00e9m destacou a import\u00e2ncia de reconhecer o trabalho de jornalistas em um mundo cada vez mais desafiador, onde a verdade \u00e9 frequentemente colocada \u00e0 prova.<\/p>\n<h2>O Futuro do Jornalismo na Regi\u00e3o<\/h2>\n<p>O futuro do jornalismo na regi\u00e3o, de acordo com F\u00e1bio Ara\u00fajo, ser\u00e1 desafiador. Ele acredita que a tecnologia transformou a forma como as not\u00edcias s\u00e3o consumidas, mas tamb\u00e9m trouxe responsabilidade.<\/p>\n<p>F\u00e1bio enfatiza a import\u00e2ncia do jornalismo \u00e9tico e respons\u00e1vel. Para ele, a integridade do jornalista deve ser preservada, mesmo diante das press\u00f5es do mundo moderno.<\/p>\n<h2>Reflex\u00f5es sobre Cidadania e Direitos Humanos<\/h2>\n<p>O t\u00edtulo de Cidad\u00e3o do Recife serve como um lembrete constante da import\u00e2ncia da cidadania ativa. F\u00e1bio Ara\u00fajo tem destacado que a cidadania envolve direitos e deveres. <\/p>\n\n<div style=\"font-size: 0px; height: 0px; line-height: 0px; margin: 0; padding: 0; clear: both;\"><\/div>","protected":false},"excerpt":{"rendered":"<p>C\u00e2mara concede T\u00edtulo de Cidad\u00e3o do Recife ao jornalista F\u00e1bio Ara\u00fajo.<\/p>\n","protected":false},"author":1,"featured_media":0,"comment_status":"open","ping_status":"closed","sticky":false,"template":"","format":"standard","meta":{"footnotes":""},"categories":[31],"tags":[],"class_list":["post-2030","post","type-post","status-publish","format-standard","hentry","category-cultura-recife"],"aioseo_notices":[],"aioseo_head":"\n\t\t<!-- All in One SEO 5.0.0.1 - aioseo.com -->\n\t<meta name=\"description\" content=\"C\u00e2mara concede T\u00edtulo de Cidad\u00e3o do Recife ao jornalista F\u00e1bio Ara\u00fajo.\" \/>\n\t<meta name=\"robots\" content=\"max-image-preview:large\" \/>\n\t<meta name=\"author\" content=\"Encontra Recife\"\/>\n\t<link rel=\"canonical\" href=\"https:\/\/www.encontrarecife.com.br\/sobre\/camara-concede-titulo-de-cidadao-do-recife-ao-jornalista-fabio-araujo\/\" \/>\n\t<meta name=\"generator\" content=\"All in One SEO (AIOSEO) 5.0.0.1\" \/>\n\t\t<meta property=\"og:locale\" content=\"pt_BR\" \/>\n\t\t<meta property=\"og:site_name\" content=\"Encontra Recife | Not\u00edcias, eventos, informa\u00e7\u00f5es e dicas da cidade de Recife e regi\u00e3o\" \/>\n\t\t<meta property=\"og:type\" content=\"article\" \/>\n\t\t<meta property=\"og:title\" content=\"C\u00e2mara concede T\u00edtulo de Cidad\u00e3o do Recife ao jornalista F\u00e1bio Ara\u00fajo | Encontra Recife\" \/>\n\t\t<meta property=\"og:description\" content=\"C\u00e2mara concede T\u00edtulo de Cidad\u00e3o do Recife ao jornalista F\u00e1bio Ara\u00fajo.\" \/>\n\t\t<meta property=\"og:url\" content=\"https:\/\/www.encontrarecife.com.br\/sobre\/camara-concede-titulo-de-cidadao-do-recife-ao-jornalista-fabio-araujo\/\" \/>\n\t\t<meta property=\"article:published_time\" content=\"2025-10-30T14:55:00+00:00\" \/>\n\t\t<meta property=\"article:modified_time\" content=\"2025-10-30T14:55:00+00:00\" \/>\n\t\t<meta name=\"twitter:card\" content=\"summary\" \/>\n\t\t<meta name=\"twitter:title\" content=\"C\u00e2mara concede T\u00edtulo de Cidad\u00e3o do Recife ao jornalista F\u00e1bio Ara\u00fajo | Encontra Recife\" \/>\n\t\t<meta name=\"twitter:description\" content=\"C\u00e2mara concede T\u00edtulo de Cidad\u00e3o do Recife ao jornalista F\u00e1bio Ara\u00fajo.\" \/>\n\t\t<script type=\"application\/ld+json\" class=\"aioseo-schema\">\n\t\t\t{\"@context\":\"https:\\\/\\\/schema.org\",\"@graph\":[{\"@type\":\"Article\",\"@id\":\"https:\\\/\\\/www.encontrarecife.com.br\\\/sobre\\\/camara-concede-titulo-de-cidadao-do-recife-ao-jornalista-fabio-araujo\\\/#article\",\"name\":\"C\\u00e2mara concede T\\u00edtulo de Cidad\\u00e3o do Recife ao jornalista F\\u00e1bio Ara\\u00fajo | Encontra Recife\",\"headline\":\"C\\u00e2mara concede T\\u00edtulo de Cidad\\u00e3o do Recife ao jornalista F\\u00e1bio Ara\\u00fajo\",\"author\":{\"@id\":\"https:\\\/\\\/www.encontrarecife.com.br\\\/sobre\\\/author\\\/erecife\\\/#author\"},\"publisher\":{\"@id\":\"https:\\\/\\\/www.encontrarecife.com.br\\\/sobre\\\/#organization\"},\"datePublished\":\"2025-10-30T11:55:00-03:00\",\"dateModified\":\"2025-10-30T11:55:00-03:00\",\"inLanguage\":\"pt-BR\",\"mainEntityOfPage\":{\"@id\":\"https:\\\/\\\/www.encontrarecife.com.br\\\/sobre\\\/camara-concede-titulo-de-cidadao-do-recife-ao-jornalista-fabio-araujo\\\/#webpage\"},\"isPartOf\":{\"@id\":\"https:\\\/\\\/www.encontrarecife.com.br\\\/sobre\\\/camara-concede-titulo-de-cidadao-do-recife-ao-jornalista-fabio-araujo\\\/#webpage\"},\"articleSection\":\"Cultura Recife\"},{\"@type\":\"BreadcrumbList\",\"@id\":\"https:\\\/\\\/www.encontrarecife.com.br\\\/sobre\\\/camara-concede-titulo-de-cidadao-do-recife-ao-jornalista-fabio-araujo\\\/#breadcrumblist\",\"itemListElement\":[{\"@type\":\"ListItem\",\"@id\":\"https:\\\/\\\/www.encontrarecife.com.br\\\/sobre#listItem\",\"position\":1,\"name\":\"In\\u00edcio\",\"item\":\"https:\\\/\\\/www.encontrarecife.com.br\\\/sobre\",\"nextItem\":{\"@type\":\"ListItem\",\"@id\":\"https:\\\/\\\/www.encontrarecife.com.br\\\/sobre\\\/cultura-recife\\\/#listItem\",\"name\":\"Cultura Recife\"}},{\"@type\":\"ListItem\",\"@id\":\"https:\\\/\\\/www.encontrarecife.com.br\\\/sobre\\\/cultura-recife\\\/#listItem\",\"position\":2,\"name\":\"Cultura Recife\",\"item\":\"https:\\\/\\\/www.encontrarecife.com.br\\\/sobre\\\/cultura-recife\\\/\",\"nextItem\":{\"@type\":\"ListItem\",\"@id\":\"https:\\\/\\\/www.encontrarecife.com.br\\\/sobre\\\/camara-concede-titulo-de-cidadao-do-recife-ao-jornalista-fabio-araujo\\\/#listItem\",\"name\":\"C\\u00e2mara concede T\\u00edtulo de Cidad\\u00e3o do Recife ao jornalista F\\u00e1bio Ara\\u00fajo\"},\"previousItem\":{\"@type\":\"ListItem\",\"@id\":\"https:\\\/\\\/www.encontrarecife.com.br\\\/sobre#listItem\",\"name\":\"In\\u00edcio\"}},{\"@type\":\"ListItem\",\"@id\":\"https:\\\/\\\/www.encontrarecife.com.br\\\/sobre\\\/camara-concede-titulo-de-cidadao-do-recife-ao-jornalista-fabio-araujo\\\/#listItem\",\"position\":3,\"name\":\"C\\u00e2mara concede T\\u00edtulo de Cidad\\u00e3o do Recife ao jornalista F\\u00e1bio Ara\\u00fajo\",\"previousItem\":{\"@type\":\"ListItem\",\"@id\":\"https:\\\/\\\/www.encontrarecife.com.br\\\/sobre\\\/cultura-recife\\\/#listItem\",\"name\":\"Cultura Recife\"}}]},{\"@type\":\"Organization\",\"@id\":\"https:\\\/\\\/www.encontrarecife.com.br\\\/sobre\\\/#organization\",\"name\":\"Encontra Recife\",\"description\":\"Not\\u00edcias, eventos, informa\\u00e7\\u00f5es e dicas da cidade de Recife e regi\\u00e3o\",\"url\":\"https:\\\/\\\/www.encontrarecife.com.br\\\/sobre\\\/\"},{\"@type\":\"Person\",\"@id\":\"https:\\\/\\\/www.encontrarecife.com.br\\\/sobre\\\/author\\\/erecife\\\/#author\",\"url\":\"https:\\\/\\\/www.encontrarecife.com.br\\\/sobre\\\/author\\\/erecife\\\/\",\"name\":\"Encontra Recife\",\"image\":{\"@type\":\"ImageObject\",\"@id\":\"https:\\\/\\\/www.encontrarecife.com.br\\\/sobre\\\/camara-concede-titulo-de-cidadao-do-recife-ao-jornalista-fabio-araujo\\\/#authorImage\",\"url\":\"https:\\\/\\\/secure.gravatar.com\\\/avatar\\\/083761f87868d6ff0835b3dbedeab77a4918147607895ede66cc5034368d31d0?s=96&d=mm&r=g\",\"width\":96,\"height\":96,\"caption\":\"Encontra Recife\"}},{\"@type\":\"WebPage\",\"@id\":\"https:\\\/\\\/www.encontrarecife.com.br\\\/sobre\\\/camara-concede-titulo-de-cidadao-do-recife-ao-jornalista-fabio-araujo\\\/#webpage\",\"url\":\"https:\\\/\\\/www.encontrarecife.com.br\\\/sobre\\\/camara-concede-titulo-de-cidadao-do-recife-ao-jornalista-fabio-araujo\\\/\",\"name\":\"C\\u00e2mara concede T\\u00edtulo de Cidad\\u00e3o do Recife ao jornalista F\\u00e1bio Ara\\u00fajo | Encontra Recife\",\"description\":\"C\\u00e2mara concede T\\u00edtulo de Cidad\\u00e3o do Recife ao jornalista F\\u00e1bio Ara\\u00fajo.\",\"inLanguage\":\"pt-BR\",\"isPartOf\":{\"@id\":\"https:\\\/\\\/www.encontrarecife.com.br\\\/sobre\\\/#website\"},\"breadcrumb\":{\"@id\":\"https:\\\/\\\/www.encontrarecife.com.br\\\/sobre\\\/camara-concede-titulo-de-cidadao-do-recife-ao-jornalista-fabio-araujo\\\/#breadcrumblist\"},\"author\":{\"@id\":\"https:\\\/\\\/www.encontrarecife.com.br\\\/sobre\\\/author\\\/erecife\\\/#author\"},\"creator\":{\"@id\":\"https:\\\/\\\/www.encontrarecife.com.br\\\/sobre\\\/author\\\/erecife\\\/#author\"},\"datePublished\":\"2025-10-30T11:55:00-03:00\",\"dateModified\":\"2025-10-30T11:55:00-03:00\"},{\"@type\":\"WebSite\",\"@id\":\"https:\\\/\\\/www.encontrarecife.com.br\\\/sobre\\\/#website\",\"url\":\"https:\\\/\\\/www.encontrarecife.com.br\\\/sobre\\\/\",\"name\":\"Encontra Recife\",\"description\":\"Not\\u00edcias, eventos, informa\\u00e7\\u00f5es e dicas da cidade de Recife e regi\\u00e3o\",\"inLanguage\":\"pt-BR\",\"publisher\":{\"@id\":\"https:\\\/\\\/www.encontrarecife.com.br\\\/sobre\\\/#organization\"}}]}\n\t\t<\/script>\n\t\t<!-- All in One SEO -->\n\n","aioseo_head_json":{"title":"C\u00e2mara concede T\u00edtulo de Cidad\u00e3o do Recife ao jornalista F\u00e1bio Ara\u00fajo | Encontra Recife","description":"C\u00e2mara concede T\u00edtulo de Cidad\u00e3o do Recife ao jornalista F\u00e1bio Ara\u00fajo.","canonical_url":"https:\/\/www.encontrarecife.com.br\/sobre\/camara-concede-titulo-de-cidadao-do-recife-ao-jornalista-fabio-araujo\/","robots":"max-image-preview:large","keywords":"","webmasterTools":{"miscellaneous":""},"schema":{"@context":"https:\/\/schema.org","@graph":[{"@type":"Article","@id":"https:\/\/www.encontrarecife.com.br\/sobre\/camara-concede-titulo-de-cidadao-do-recife-ao-jornalista-fabio-araujo\/#article","name":"C\u00e2mara concede T\u00edtulo de Cidad\u00e3o do Recife ao jornalista F\u00e1bio Ara\u00fajo | Encontra Recife","headline":"C\u00e2mara concede T\u00edtulo de Cidad\u00e3o do Recife ao jornalista F\u00e1bio Ara\u00fajo","author":{"@id":"https:\/\/www.encontrarecife.com.br\/sobre\/author\/erecife\/#author"},"publisher":{"@id":"https:\/\/www.encontrarecife.com.br\/sobre\/#organization"},"datePublished":"2025-10-30T11:55:00-03:00","dateModified":"2025-10-30T11:55:00-03:00","inLanguage":"pt-BR","mainEntityOfPage":{"@id":"https:\/\/www.encontrarecife.com.br\/sobre\/camara-concede-titulo-de-cidadao-do-recife-ao-jornalista-fabio-araujo\/#webpage"},"isPartOf":{"@id":"https:\/\/www.encontrarecife.com.br\/sobre\/camara-concede-titulo-de-cidadao-do-recife-ao-jornalista-fabio-araujo\/#webpage"},"articleSection":"Cultura Recife"},{"@type":"BreadcrumbList","@id":"https:\/\/www.encontrarecife.com.br\/sobre\/camara-concede-titulo-de-cidadao-do-recife-ao-jornalista-fabio-araujo\/#breadcrumblist","itemListElement":[{"@type":"ListItem","@id":"https:\/\/www.encontrarecife.com.br\/sobre#listItem","position":1,"name":"In\u00edcio","item":"https:\/\/www.encontrarecife.com.br\/sobre","nextItem":{"@type":"ListItem","@id":"https:\/\/www.encontrarecife.com.br\/sobre\/cultura-recife\/#listItem","name":"Cultura Recife"}},{"@type":"ListItem","@id":"https:\/\/www.encontrarecife.com.br\/sobre\/cultura-recife\/#listItem","position":2,"name":"Cultura Recife","item":"https:\/\/www.encontrarecife.com.br\/sobre\/cultura-recife\/","nextItem":{"@type":"ListItem","@id":"https:\/\/www.encontrarecife.com.br\/sobre\/camara-concede-titulo-de-cidadao-do-recife-ao-jornalista-fabio-araujo\/#listItem","name":"C\u00e2mara concede T\u00edtulo de Cidad\u00e3o do Recife ao jornalista F\u00e1bio Ara\u00fajo"},"previousItem":{"@type":"ListItem","@id":"https:\/\/www.encontrarecife.com.br\/sobre#listItem","name":"In\u00edcio"}},{"@type":"ListItem","@id":"https:\/\/www.encontrarecife.com.br\/sobre\/camara-concede-titulo-de-cidadao-do-recife-ao-jornalista-fabio-araujo\/#listItem","position":3,"name":"C\u00e2mara concede T\u00edtulo de Cidad\u00e3o do Recife ao jornalista F\u00e1bio Ara\u00fajo","previousItem":{"@type":"ListItem","@id":"https:\/\/www.encontrarecife.com.br\/sobre\/cultura-recife\/#listItem","name":"Cultura Recife"}}]},{"@type":"Organization","@id":"https:\/\/www.encontrarecife.com.br\/sobre\/#organization","name":"Encontra Recife","description":"Not\u00edcias, eventos, informa\u00e7\u00f5es e dicas da cidade de Recife e regi\u00e3o","url":"https:\/\/www.encontrarecife.com.br\/sobre\/"},{"@type":"Person","@id":"https:\/\/www.encontrarecife.com.br\/sobre\/author\/erecife\/#author","url":"https:\/\/www.encontrarecife.com.br\/sobre\/author\/erecife\/","name":"Encontra Recife","image":{"@type":"ImageObject","@id":"https:\/\/www.encontrarecife.com.br\/sobre\/camara-concede-titulo-de-cidadao-do-recife-ao-jornalista-fabio-araujo\/#authorImage","url":"https:\/\/secure.gravatar.com\/avatar\/083761f87868d6ff0835b3dbedeab77a4918147607895ede66cc5034368d31d0?s=96&d=mm&r=g","width":96,"height":96,"caption":"Encontra Recife"}},{"@type":"WebPage","@id":"https:\/\/www.encontrarecife.com.br\/sobre\/camara-concede-titulo-de-cidadao-do-recife-ao-jornalista-fabio-araujo\/#webpage","url":"https:\/\/www.encontrarecife.com.br\/sobre\/camara-concede-titulo-de-cidadao-do-recife-ao-jornalista-fabio-araujo\/","name":"C\u00e2mara concede T\u00edtulo de Cidad\u00e3o do Recife ao jornalista F\u00e1bio Ara\u00fajo | Encontra Recife","description":"C\u00e2mara concede T\u00edtulo de Cidad\u00e3o do Recife ao jornalista F\u00e1bio Ara\u00fajo.","inLanguage":"pt-BR","isPartOf":{"@id":"https:\/\/www.encontrarecife.com.br\/sobre\/#website"},"breadcrumb":{"@id":"https:\/\/www.encontrarecife.com.br\/sobre\/camara-concede-titulo-de-cidadao-do-recife-ao-jornalista-fabio-araujo\/#breadcrumblist"},"author":{"@id":"https:\/\/www.encontrarecife.com.br\/sobre\/author\/erecife\/#author"},"creator":{"@id":"https:\/\/www.encontrarecife.com.br\/sobre\/author\/erecife\/#author"},"datePublished":"2025-10-30T11:55:00-03:00","dateModified":"2025-10-30T11:55:00-03:00"},{"@type":"WebSite","@id":"https:\/\/www.encontrarecife.com.br\/sobre\/#website","url":"https:\/\/www.encontrarecife.com.br\/sobre\/","name":"Encontra Recife","description":"Not\u00edcias, eventos, informa\u00e7\u00f5es e dicas da cidade de Recife e regi\u00e3o","inLanguage":"pt-BR","publisher":{"@id":"https:\/\/www.encontrarecife.com.br\/sobre\/#organization"}}]},"og:locale":"pt_BR","og:site_name":"Encontra Recife | Not\u00edcias, eventos, informa\u00e7\u00f5es e dicas da cidade de Recife e regi\u00e3o","og:type":"article","og:title":"C\u00e2mara concede T\u00edtulo de Cidad\u00e3o do Recife ao jornalista F\u00e1bio Ara\u00fajo | Encontra Recife","og:description":"C\u00e2mara concede T\u00edtulo de Cidad\u00e3o do Recife ao jornalista F\u00e1bio Ara\u00fajo.","og:url":"https:\/\/www.encontrarecife.com.br\/sobre\/camara-concede-titulo-de-cidadao-do-recife-ao-jornalista-fabio-araujo\/","article:published_time":"2025-10-30T14:55:00+00:00","article:modified_time":"2025-10-30T14:55:00+00:00","twitter:card":"summary","twitter:title":"C\u00e2mara concede T\u00edtulo de Cidad\u00e3o do Recife ao jornalista F\u00e1bio Ara\u00fajo | Encontra Recife","twitter:description":"C\u00e2mara concede T\u00edtulo de Cidad\u00e3o do Recife ao jornalista F\u00e1bio Ara\u00fajo."},"aioseo_meta_data":{"post_id":"2030","title":null,"description":null,"keywords":null,"keyphrases":null,"primary_term":null,"canonical_url":null,"og_title":null,"og_description":null,"og_object_type":"default","og_image_type":"default","og_image_url":null,"og_image_width":null,"og_image_height":null,"og_image_custom_url":null,"og_image_custom_fields":null,"og_video":null,"og_custom_url":null,"og_article_section":null,"og_article_tags":null,"twitter_use_og":false,"twitter_card":"default","twitter_image_type":"default","twitter_image_url":null,"twitter_image_custom_url":null,"twitter_image_custom_fields":null,"twitter_title":null,"twitter_description":null,"schema":{"blockGraphs":[],"customGraphs":[],"default":{"data":{"Article":[],"Course":[],"Dataset":[],"FAQPage":[],"Movie":[],"Person":[],"Product":[],"ProductReview":[],"Car":[],"Recipe":[],"Service":[],"SoftwareApplication":[],"WebPage":[]},"graphName":"","isEnabled":true},"graphs":[]},"schema_type":"default","schema_type_options":null,"pillar_content":false,"robots_default":true,"robots_noindex":false,"robots_noarchive":false,"robots_nosnippet":false,"robots_nofollow":false,"robots_noimageindex":false,"robots_noodp":false,"robots_notranslate":false,"robots_max_snippet":null,"robots_max_videopreview":null,"robots_max_imagepreview":"large","priority":null,"frequency":null,"local_seo":null,"limit_modified_date":false,"created":"2025-10-30 15:31:23","updated":"2026-08-06 00:35:28","focus_keyword":null,"additional_keywords":null,"truseo_locale":null,"ai":null,"breadcrumb_settings":null,"seo_analyzer_scan_date":null},"aioseo_breadcrumb":"<div class=\"aioseo-breadcrumbs\"><span class=\"aioseo-breadcrumb\">\n\t\t\t<a href=\"https:\/\/www.encontrarecife.com.br\/sobre\" title=\"In\u00edcio\">In\u00edcio<\/a>\n\t\t<\/span><span class=\"aioseo-breadcrumb-separator\">&raquo;<\/span><span class=\"aioseo-breadcrumb\">\n\t\t\t<a href=\"https:\/\/www.encontrarecife.com.br\/sobre\/cultura-recife\/\" title=\"Cultura Recife\">Cultura Recife<\/a>\n\t\t<\/span><span class=\"aioseo-breadcrumb-separator\">&raquo;<\/span><span class=\"aioseo-breadcrumb\">\n\t\t\tC\u00e2mara concede T\u00edtulo de Cidad\u00e3o do Recife ao jornalista F\u00e1bio Ara\u00fajo\n\t\t<\/span><\/div>","aioseo_breadcrumb_json":[{"label":"In\u00edcio","link":"https:\/\/www.encontrarecife.com.br\/sobre"},{"label":"Cultura Recife","link":"https:\/\/www.encontrarecife.com.br\/sobre\/cultura-recife\/"},{"label":"C\u00e2mara concede T\u00edtulo de Cidad\u00e3o do Recife ao jornalista F\u00e1bio Ara\u00fajo","link":"https:\/\/www.encontrarecife.com.br\/sobre\/camara-concede-titulo-de-cidadao-do-recife-ao-jornalista-fabio-araujo\/"}],"_links":{"self":[{"href":"https:\/\/www.encontrarecife.com.br\/sobre\/wp-json\/wp\/v2\/posts\/2030","targetHints":{"allow":["GET"]}}],"collection":[{"href":"https:\/\/www.encontrarecife.com.br\/sobre\/wp-json\/wp\/v2\/posts"}],"about":[{"href":"https:\/\/www.encontrarecife.com.br\/sobre\/wp-json\/wp\/v2\/types\/post"}],"author":[{"embeddable":true,"href":"https:\/\/www.encontrarecife.com.br\/sobre\/wp-json\/wp\/v2\/users\/1"}],"replies":[{"embeddable":true,"href":"https:\/\/www.encontrarecife.com.br\/sobre\/wp-json\/wp\/v2\/comments?post=2030"}],"version-history":[{"count":0,"href":"https:\/\/www.encontrarecife.com.br\/sobre\/wp-json\/wp\/v2\/posts\/2030\/revisions"}],"wp:attachment":[{"href":"https:\/\/www.encontrarecife.com.br\/sobre\/wp-json\/wp\/v2\/media?parent=2030"}],"wp:term":[{"taxonomy":"category","embeddable":true,"href":"https:\/\/www.encontrarecife.com.br\/sobre\/wp-json\/wp\/v2\/categories?post=2030"},{"taxonomy":"post_tag","embeddable":true,"href":"https:\/\/www.encontrarecife.com.br\/sobre\/wp-json\/wp\/v2\/tags?post=2030"}],"curies":[{"name":"wp","href":"https:\/\/api.w.org\/{rel}","templated":true}]}}