{"id":1535,"date":"2019-10-03T14:42:16","date_gmt":"2019-10-03T17:42:16","guid":{"rendered":"https:\/\/www.encontrarecife.com.br\/sobre\/?p=1535"},"modified":"2019-10-03T14:42:16","modified_gmt":"2019-10-03T17:42:16","slug":"grau-tecnico-recife","status":"publish","type":"post","link":"https:\/\/www.encontrarecife.com.br\/sobre\/grau-tecnico-recife\/","title":{"rendered":"Grau T\u00e9cnico Recife"},"content":{"rendered":"<div class=\"13f566c1641b828fb11817b18261638d\" data-index=\"1\" style=\"float: none; margin:0px;\">\n<!-- Anuncio display - global -->\r\n<ins class=\"adsbygoogle\"\r\n     style=\"display:block\"\r\n     data-ad-client=\"ca-pub-8585364105181520\"\r\n     data-ad-slot=\"8789329856\"\r\n     data-ad-format=\"auto\"\r\n     data-full-width-responsive=\"true\"><\/ins>\r\n<script>\r\n     (adsbygoogle = window.adsbygoogle || []).push({});\r\n<\/script>\n<\/div>\n<p>O avan\u00e7o tecnol\u00f3gico vem quebrando fronteiras econ\u00f4micas, sociais e culturais, trazendo uma maior facilidade no acesso \u00e0 informa\u00e7\u00e3o, \u00e0 liberdade de express\u00e3o e \u00e0 inclus\u00e3o social.\u00a0Por isso, acredita-se que deve-se despertar no ser humano a import\u00e2ncia do conhecimento t\u00e9cnico, como tamb\u00e9m em conscientiz\u00e1-lo para a solidariedade, o respeito ao pr\u00f3ximo e o trabalho em equipe.<\/p>\n<p>O Centro de Ensino <strong>Grau T\u00e9cnico Recife\u00a0<\/strong> visa a abrir caminhos para oportunidades que beneficiem tanto o indiv\u00edduo quanto ao coletivo, orientando a realiza\u00e7\u00e3o profissional e a inser\u00e7\u00e3o social por meio de uma educa\u00e7\u00e3o estimuladora e operadora de inova\u00e7\u00f5es na sociedade.<\/p>\n<p><img decoding=\"async\" loading=\"lazy\" class=\"alignnone wp-image-1537 size-full\" title=\"Grau T\u00e9cnico Recife\" src=\"https:\/\/www.encontrarecife.com.br\/sobre\/wp-content\/uploads\/grau-tecnico-recife.gif\" alt=\"Grau T\u00e9cnico Recife\" width=\"680\" height=\"189\" \/><\/p>\n<p>&nbsp;<\/p>\n<h2>Grau T\u00e9cnico\u00a0Recife Cursos<\/h2>\n<p>O Grau T\u00e9cnico oferece os seguintes <em>cursos:<\/em><\/p>\n<ul>\n<li>Administra\u00e7\u00e3o<\/li>\n<li>An\u00e1lises Cl\u00ednicas<\/li>\n<li>Contabilidade<\/li>\n<li>Edifica\u00e7\u00f5es<\/li>\n<li>Enfermagem<\/li>\n<li>Enfermagem do Trabalho<\/li>\n<li>Est\u00e9tica<\/li>\n<li>Eletrot\u00e9cnica<\/li>\n<li>Eletr\u00f4nica<\/li>\n<li>Farm\u00e1cia<\/li>\n<li>Inform\u00e1tica<\/li>\n<li>Inform\u00e1tica para Internet<\/li>\n<li>Instrumenta\u00e7\u00e3o Cir\u00fargica<\/li>\n<li>Log\u00edstica<\/li>\n<li>Meio Ambiente<\/li>\n<li>Mec\u00e2nica<\/li>\n<li>Manuten\u00e7\u00e3o e Suporte em Inform\u00e1tica<\/li>\n<li>Mecatr\u00f4nica<\/li>\n<li>Nutri\u00e7\u00e3o e diet\u00e9tica<\/li>\n<li>Petr\u00f3leo e G\u00e1s<\/li>\n<li>Qu\u00edmica<\/li>\n<li>Radiologia<\/li>\n<li>Recursos Humanos<\/li>\n<li>Redes de Computadores<\/li>\n<li>Sa\u00fade Bucal<\/li>\n<li>Seguran\u00e7a do Trabalho<\/li>\n<li>Servi\u00e7os Jur\u00eddicos<\/li>\n<li>Transa\u00e7\u00e3o Imobili\u00e1ria<\/li>\n<\/ul>\n<h3>Grau T\u00e9cnico\u00a0Recife Pre\u00e7os<\/h3>\n<p>Os <em>pre\u00e7os<\/em> variam de acordo com os\u00a0cursos escolhidas. Voc\u00ea pode consulta-los acessando o Facebook ou site do local.<\/p>\n<h3>Vagas\u00a0Grau T\u00e9cnico Recife &#8211; Trabalhe Conosco<\/h3>\n<p>O\u00a0Grau T\u00e9cnico Recife disponibiliza <em>vagas de trabalho<\/em> durante todo ano. Para se informar sobre os processos seletivos e se candidatar as vagas acompanhe o site da empresa, onde \u00e9 poss\u00edvel se informar sobre vagas abertas, sal\u00e1rios e compet\u00eancias necess\u00e1rias para se candidatar ao processo.<\/p>\n<h3>Hor\u00e1rio de Funcionamento\u00a0Grau T\u00e9cnico em Recife<\/h3>\n<ul>\n<li>Segunda a Sexta das 08h \u00e0s 18h<\/li>\n<\/ul>\n<h3>Endere\u00e7o e Telefone\u00a0Grau T\u00e9cnico em Recife<\/h3>\n<ul>\n<li><strong>Boa Vista:<\/strong> Avenida Conde da Boa Vista, 1209 &#8211; Telefone: (81) 3037-3939<\/li>\n<li><strong>Imbiribeira:<\/strong> Avenida Mascarenhas de Morais, 1062 &#8211; Telefone: (81) 3035-0010<\/li>\n<\/ul>\n<h4>Outras informa\u00e7\u00f5es e site<\/h4>\n<ul>\n<li>Mais informa\u00e7\u00f5es:\u00a0<a href=\"https:\/\/www.grautecnico.com.br\" target=\"_blank\" rel=\"noopener noreferrer\">www.grautecnico.com.br<\/a><\/li>\n<li>E-mail:\u00a0marciapedrosa@grautecnico.com.br<\/li>\n<\/ul>\n<h4>Mapa de localiza\u00e7\u00e3o Boa Vista<\/h4>\n<a class=\"wp-colorbox-iframe\" href=\"https:\/\/www.google.com\/maps\/embed?pb=!1m14!1m8!1m3!1d15801.734989633613!2d-34.8916103!3d-8.057161!3m2!1i1024!2i768!4f13.1!3m3!1m2!1s0x00x84ccc148ae0eed47!2sGrauTcnicoRecifeBoaVista!5e0!3m2!1spt-BR!2sbr!4v1570124162424!5m2!1spt-BR!2sbr\"><img src=\"http:\/\/www.encontrarecife.com.br\/imgs\/maps-post.png\"><\/a>\n\n<div style=\"font-size: 0px; height: 0px; line-height: 0px; margin: 0; padding: 0; clear: both;\"><\/div>","protected":false},"excerpt":{"rendered":"<p>O avan\u00e7o tecnol\u00f3gico vem quebrando fronteiras econ\u00f4micas, sociais e culturais, trazendo uma maior facilidade no acesso \u00e0 informa\u00e7\u00e3o, \u00e0 liberdade de express\u00e3o e \u00e0 inclus\u00e3o social.\u00a0Por isso, acredita-se que deve-se despertar no ser humano a import\u00e2ncia do conhecimento t\u00e9cnico, como tamb\u00e9m em conscientiz\u00e1-lo para a solidariedade, o respeito ao pr\u00f3ximo e o trabalho em equipe. O Centro de Ensino Grau T\u00e9cnico Recife\u00a0 visa a abrir caminhos para oportunidades que beneficiem tanto o indiv\u00edduo quanto ao coletivo, orientando a realiza\u00e7\u00e3o profissional e a inser\u00e7\u00e3o social por meio de uma educa\u00e7\u00e3o estimuladora e operadora de inova\u00e7\u00f5es na sociedade. &nbsp; Grau T\u00e9cnico\u00a0Recife Cursos <\/p>\n","protected":false},"author":1,"featured_media":1537,"comment_status":"open","ping_status":"closed","sticky":false,"template":"","format":"standard","meta":[],"categories":[3],"tags":[],"aioseo_notices":[],"_links":{"self":[{"href":"https:\/\/www.encontrarecife.com.br\/sobre\/wp-json\/wp\/v2\/posts\/1535"}],"collection":[{"href":"https:\/\/www.encontrarecife.com.br\/sobre\/wp-json\/wp\/v2\/posts"}],"about":[{"href":"https:\/\/www.encontrarecife.com.br\/sobre\/wp-json\/wp\/v2\/types\/post"}],"author":[{"embeddable":true,"href":"https:\/\/www.encontrarecife.com.br\/sobre\/wp-json\/wp\/v2\/users\/1"}],"replies":[{"embeddable":true,"href":"https:\/\/www.encontrarecife.com.br\/sobre\/wp-json\/wp\/v2\/comments?post=1535"}],"version-history":[{"count":0,"href":"https:\/\/www.encontrarecife.com.br\/sobre\/wp-json\/wp\/v2\/posts\/1535\/revisions"}],"wp:featuredmedia":[{"embeddable":true,"href":"https:\/\/www.encontrarecife.com.br\/sobre\/wp-json\/wp\/v2\/media\/1537"}],"wp:attachment":[{"href":"https:\/\/www.encontrarecife.com.br\/sobre\/wp-json\/wp\/v2\/media?parent=1535"}],"wp:term":[{"taxonomy":"category","embeddable":true,"href":"https:\/\/www.encontrarecife.com.br\/sobre\/wp-json\/wp\/v2\/categories?post=1535"},{"taxonomy":"post_tag","embeddable":true,"href":"https:\/\/www.encontrarecife.com.br\/sobre\/wp-json\/wp\/v2\/tags?post=1535"}],"curies":[{"name":"wp","href":"https:\/\/api.w.org\/{rel}","templated":true}]}}