{"id":1533,"date":"2019-10-03T14:18:36","date_gmt":"2019-10-03T17:18:36","guid":{"rendered":"https:\/\/www.encontrarecife.com.br\/sobre\/?p=1533"},"modified":"2019-10-03T14:21:28","modified_gmt":"2019-10-03T17:21:28","slug":"cepep-recife","status":"publish","type":"post","link":"https:\/\/www.encontrarecife.com.br\/sobre\/cepep-recife\/","title":{"rendered":"Cepep Recife"},"content":{"rendered":"<div class=\"13f566c1641b828fb11817b18261638d\" data-index=\"1\" style=\"float: none; margin:0px;\">\n<!-- Anuncio display - global -->\r\n<ins class=\"adsbygoogle\"\r\n     style=\"display:block\"\r\n     data-ad-client=\"ca-pub-8585364105181520\"\r\n     data-ad-slot=\"8789329856\"\r\n     data-ad-format=\"auto\"\r\n     data-full-width-responsive=\"true\"><\/ins>\r\n<script>\r\n     (adsbygoogle = window.adsbygoogle || []).push({});\r\n<\/script>\n<\/div>\n<p><strong>CEPEP Recife<\/strong> \u00e9 uma institui\u00e7\u00e3o particular de ensino t\u00e9cnico e profissionalizante na \u00e1rea tecnol\u00f3gica tendo como foco principal a inser\u00e7\u00e3o de jovens e adultos no mercado de trabalho, atrav\u00e9s da educa\u00e7\u00e3o profissionalizante e t\u00e9cnico p\u00f3s m\u00e9dio. Hoje com reconhecidos resultados alcan\u00e7ados.<\/p>\n<p>Atualmente o CEPEP est\u00e1 presente em quase todos os estados do nordeste. Formando uma rede de escolas t\u00e9cnicas conveniadas em suas estruturas pedag\u00f3gicas com o objetivo de levar um excelente padr\u00e3o de ensino t\u00e9cnico e profissionalizante para todas unidades, contemplando assim toda rede CEPEP uma experi\u00eancia pioneira de excelentes resultados.<\/p>\n<p><img decoding=\"async\" loading=\"lazy\" class=\"alignnone wp-image-1534 size-full\" title=\"Cepep Recife\" src=\"https:\/\/www.encontrarecife.com.br\/sobre\/wp-content\/uploads\/cepep-recife.gif\" alt=\"Cepep Recife\" width=\"680\" height=\"189\" \/><\/p>\n<h2>Cepep\u00a0Recife Cursos<\/h2>\n<p>A\u00a0Cepep oferece os seguintes <em>cursos:<\/em><\/p>\n<p><strong>Curso de F\u00e9rias<\/strong><\/p>\n<ul>\n<li>Operador c\/ Excel Avan\u00e7ado<\/li>\n<li>Design Gr\u00e1fico: Indesign, Corel e PhotoShop<\/li>\n<li>AutoCad + Sktechup + vray<\/li>\n<li>Manuten\u00e7\u00e3o de Computadores + Rede Local<\/li>\n<li>Eletricista instalador<\/li>\n<li>Manuten\u00e7\u00e3o de Ar Condicionado<\/li>\n<li>Manuten\u00e7\u00e3o de celular<\/li>\n<li>Seguran\u00e7a eletr\u00f4nica<\/li>\n<\/ul>\n<p><strong>Cursos Profissionalizantes<\/strong><\/p>\n<ul>\n<li>Adm. de Redes Linux<\/li>\n<li>AutoCad<\/li>\n<li>AutoCad + Sketchup + Vray<\/li>\n<li>Comandos El\u00e9tricos<\/li>\n<li>Design Gr\u00e1fico<\/li>\n<li>Eletricista Instalador<\/li>\n<li>Eletr\u00f4nica Avan\u00e7ada<\/li>\n<li>Eletr\u00f4nica B\u00e1sica<\/li>\n<li>Excel B\u00e1sico e Avan\u00e7ado<\/li>\n<li>Instala\u00e7\u00e3o e Manut. de Ar Cond. Split<\/li>\n<li>Manut. Avan\u00e7ada em Placas de Celular<\/li>\n<li>Manut. de Computador + Rede Local<\/li>\n<li>Manut. de TV e Monitor LCD; LED<\/li>\n<li>Manuten\u00e7\u00e3o de Celular<\/li>\n<li>Manuten\u00e7\u00e3o de Impressoras<\/li>\n<li>Manuten\u00e7\u00e3o de Placa M\u00e3e<\/li>\n<li>Monitoramento CFTV<\/li>\n<li>MS-Project p\/ Constru\u00e7\u00e3o Civil<\/li>\n<li>NR 10<\/li>\n<li>NR 33 (Trabalhador e Vigia)<\/li>\n<li>NR 35<\/li>\n<li>Rede WireLess<\/li>\n<li>Rede Local<\/li>\n<li>REVIT<\/li>\n<li>Seguran\u00e7a Eletr\u00f4nica<\/li>\n<\/ul>\n<p><strong>Cursos T\u00e9cnicos<\/strong><\/p>\n<ul>\n<li>Administra\u00e7\u00e3o<\/li>\n<li>Agrimensura<\/li>\n<li>Contabilidade<\/li>\n<li>Edifica\u00e7\u00f5es<\/li>\n<li>Eletr\u00f4nica<\/li>\n<li>Eletrot\u00e9cnica<\/li>\n<li>Inform\u00e1tica<\/li>\n<li>Log\u00edstica<\/li>\n<li>Mec\u00e2nica<\/li>\n<li>Mecatr\u00f4nica<\/li>\n<li>Meio Ambiente<\/li>\n<li>Petr\u00f3leo e G\u00e1s<\/li>\n<li>Recursos Humanos<\/li>\n<li>Redes de Computadores<\/li>\n<li>Seguran\u00e7a do Trabalho<\/li>\n<\/ul>\n<h3>Cepep\u00a0Recife Pre\u00e7os<\/h3>\n<p>Os <em>pre\u00e7os<\/em> variam de acordo com os\u00a0cursos escolhidos. Voc\u00ea pode consulta-los acessando o Facebook ou site do local.<em><br \/>\n<\/em><\/p>\n<h3>Cepep\u00a0Recife Est\u00e1gios<\/h3>\n<p>O e<em>st\u00e1gio<\/em> \u00e9 uma oportunidade para que estudantes dos cursos t\u00e9cnicos possam vivenciar as atividades profissionais relacionadas \u00e0 sua \u00e1rea de estudos. Com isso, os estagi\u00e1rios podem relacionar o conhecimento obtido nos bancos escolares com a pr\u00e1tica da futura profiss\u00e3o.<\/p>\n<h3>Vagas\u00a0Cepep Recife &#8211; Trabalhe Conosco<\/h3>\n<p>Atitude, responsabilidade, resili\u00eancia, criatividade, comprometimento para resultado, e saber trabalhar em equipe s\u00e3o algumas compet\u00eancias necess\u00e1rias para fazer parte do time. Se voc\u00ea tem esse perfil e est\u00e1 em busca de oportunidades em uma empresa l\u00edder de mercado <em>envie agora mesmo seu curr\u00edculo<\/em> para a\u00a0Cepep Recife.<\/p>\n<h3>Hor\u00e1rio de Funcionamento\u00a0Cepep em Recife<\/h3>\n<ul>\n<li>Segunda a Sexta das 07h \u00e0s 22h \/ S\u00e1bado das 08h \u00e0s 12h<\/li>\n<\/ul>\n<h3>Endere\u00e7o e Telefone\u00a0Cepep em Recife<\/h3>\n<ul>\n<li>R. do Progresso, 350 &#8211; Soledade &#8211; Recife &#8211; PE<\/li>\n<li>Telefone: (81) 3423-4903<\/li>\n<\/ul>\n<h4>Outras informa\u00e7\u00f5es e site<\/h4>\n<ul>\n<li>Mais informa\u00e7\u00f5es:\u00a0<a href=\"http:\/\/www.cepep.com.br\" target=\"_blank\" rel=\"noopener noreferrer\">www.cepep.com.br<\/a><\/li>\n<li>E-mail:\u00a0treinamento@cepep.com.br<\/li>\n<\/ul>\n<h4>Mapa de localiza\u00e7\u00e3o<\/h4>\n<a class=\"wp-colorbox-iframe\" href=\"https:\/\/www.google.com\/maps\/embed?pb=!1m14!1m8!1m3!1d15801.693443701673!2d-34.891752!3d-8.0582251!3m2!1i1024!2i768!4f13.1!3m3!1m2!1s0x00xbe5d046c98ce8fdd!2sCEPEPEscolaTcnica!5e0!3m2!1spt-BR!2sbr!4v1570122918777!5m2!1spt-BR!2sbr\"><img src=\"http:\/\/www.encontrarecife.com.br\/imgs\/maps-post.png\"><\/a>\n\n<div style=\"font-size: 0px; height: 0px; line-height: 0px; margin: 0; padding: 0; clear: both;\"><\/div>","protected":false},"excerpt":{"rendered":"<p>CEPEP Recife \u00e9 uma institui\u00e7\u00e3o particular de ensino t\u00e9cnico e profissionalizante na \u00e1rea tecnol\u00f3gica tendo como foco principal a inser\u00e7\u00e3o de jovens e adultos no mercado de trabalho, atrav\u00e9s da educa\u00e7\u00e3o profissionalizante e t\u00e9cnico p\u00f3s m\u00e9dio. Hoje com reconhecidos resultados alcan\u00e7ados. Atualmente o CEPEP est\u00e1 presente em quase todos os estados do nordeste. Formando uma rede de escolas t\u00e9cnicas conveniadas em suas estruturas pedag\u00f3gicas com o objetivo de levar um excelente padr\u00e3o de ensino t\u00e9cnico e profissionalizante para todas unidades, contemplando assim toda rede CEPEP uma experi\u00eancia pioneira de excelentes resultados. Cepep\u00a0Recife Cursos A\u00a0Cepep oferece os seguintes cursos: Curso de <\/p>\n","protected":false},"author":1,"featured_media":1534,"comment_status":"open","ping_status":"closed","sticky":false,"template":"","format":"standard","meta":[],"categories":[3],"tags":[],"aioseo_notices":[],"_links":{"self":[{"href":"https:\/\/www.encontrarecife.com.br\/sobre\/wp-json\/wp\/v2\/posts\/1533"}],"collection":[{"href":"https:\/\/www.encontrarecife.com.br\/sobre\/wp-json\/wp\/v2\/posts"}],"about":[{"href":"https:\/\/www.encontrarecife.com.br\/sobre\/wp-json\/wp\/v2\/types\/post"}],"author":[{"embeddable":true,"href":"https:\/\/www.encontrarecife.com.br\/sobre\/wp-json\/wp\/v2\/users\/1"}],"replies":[{"embeddable":true,"href":"https:\/\/www.encontrarecife.com.br\/sobre\/wp-json\/wp\/v2\/comments?post=1533"}],"version-history":[{"count":0,"href":"https:\/\/www.encontrarecife.com.br\/sobre\/wp-json\/wp\/v2\/posts\/1533\/revisions"}],"wp:featuredmedia":[{"embeddable":true,"href":"https:\/\/www.encontrarecife.com.br\/sobre\/wp-json\/wp\/v2\/media\/1534"}],"wp:attachment":[{"href":"https:\/\/www.encontrarecife.com.br\/sobre\/wp-json\/wp\/v2\/media?parent=1533"}],"wp:term":[{"taxonomy":"category","embeddable":true,"href":"https:\/\/www.encontrarecife.com.br\/sobre\/wp-json\/wp\/v2\/categories?post=1533"},{"taxonomy":"post_tag","embeddable":true,"href":"https:\/\/www.encontrarecife.com.br\/sobre\/wp-json\/wp\/v2\/tags?post=1533"}],"curies":[{"name":"wp","href":"https:\/\/api.w.org\/{rel}","templated":true}]}}