{"id":1511,"date":"2019-10-03T05:22:45","date_gmt":"2019-10-03T08:22:45","guid":{"rendered":"https:\/\/www.encontrarecife.com.br\/sobre\/?p=1511"},"modified":"2019-10-03T05:22:45","modified_gmt":"2019-10-03T08:22:45","slug":"alianca-francesa-recife","status":"publish","type":"post","link":"https:\/\/www.encontrarecife.com.br\/sobre\/alianca-francesa-recife\/","title":{"rendered":"Alian\u00e7a Francesa Recife"},"content":{"rendered":"<div class=\"13f566c1641b828fb11817b18261638d\" data-index=\"1\" style=\"float: none; margin:0px;\">\n<!-- Anuncio display - global -->\r\n<ins class=\"adsbygoogle\"\r\n     style=\"display:block\"\r\n     data-ad-client=\"ca-pub-8585364105181520\"\r\n     data-ad-slot=\"8789329856\"\r\n     data-ad-format=\"auto\"\r\n     data-full-width-responsive=\"true\"><\/ins>\r\n<script>\r\n     (adsbygoogle = window.adsbygoogle || []).push({});\r\n<\/script>\n<\/div>\n<p class=\"p1\"><span class=\"s1\">Criada em 21 de julho de 1883 por personalidades como Jules Verne e Louis Pasteur, a\u00a0<strong>Alian\u00e7a Francesa\u00a0Recife <\/strong>\u00e9 uma institui\u00e7\u00e3o sem fins lucrativos,\u00a0<\/span><span class=\"s2\">de reconhecida utilidade p\u00fablica<\/span><span class=\"s1\">, cujos objetivos s\u00e3o a difus\u00e3o da l\u00edngua francesa, das culturas franc\u00f3fonas e a promo\u00e7\u00e3o da diversidade cultural.<\/span><\/p>\n<p class=\"p1\"><span class=\"s1\">Os valores da Alian\u00e7a Francesa s\u00e3o a \u00e9tica, o respeito m\u00fatuo, a responsabilidade social e ambiental, o espirito de equipe e o comprometimento.\u00a0<\/span><\/p>\n<p><img decoding=\"async\" loading=\"lazy\" class=\"alignnone wp-image-1512 size-full\" title=\"Alian\u00e7a Francesa Recife\" src=\"https:\/\/www.encontrarecife.com.br\/sobre\/wp-content\/uploads\/alianca-francesa.gif\" alt=\"Alian\u00e7a Francesa Recife\" width=\"680\" height=\"189\" \/><\/p>\n<p><span class=\"s1\">Esses s\u00e3o os princ\u00edpios da Alian\u00e7a ao promover o ensino do franc\u00eas como idioma estrangeiro e ao oferecer atividades culturais franc\u00f3fonas e com artistas locais, refor\u00e7ando assim os la\u00e7os com a comunidade local. Ela tamb\u00e9m concede certificados espec\u00edficos de profici\u00eancia e conhecimentos lingu\u00edsticos, com os quais se pode estudar em universidades franc\u00f3fonas.<\/span><\/p>\n<p>A rede mundial da Alian\u00e7a Francesa compreende quase 1.000 estabelecimentos instalados em mais de 130 pa\u00edses, onde estudam 500.000 alunos. Mais de 6 milh\u00f5es de pessoas participam dos eventos culturais das Alian\u00e7as Francesas, que se configuram como a rede de centros culturais mais importante do mundo.Cada centro possui autonomia e \u00e9 uma institui\u00e7\u00e3o local sem fins lucrativos, apol\u00edtica e laica, trabalhando permanentemente em rela\u00e7\u00e3o estreita com a sede parisiense, a Fondation Alliance Fran\u00e7aise.<\/p>\n<h2>Alian\u00e7a Francesa Recife Cursos<\/h2>\n<p>A Alian\u00e7a Francesa oferece diferentes\u00a0<em>modalidades de curso p<\/em>ara voc\u00ea viver a l\u00edngua francesa. S\u00e3o m\u00f3dulos com cargas hor\u00e1rias e objetivos em sintonia com as suas possibilidades de estudo.<\/p>\n<p>A oferta \u00e9 muito variada, com diferentes ritmos de aprendizagem e tipos de cursos:<\/p>\n<ul>\n<li>Ritmos: cursos de franc\u00eas geral regulares, intensivos e superintensivos;<\/li>\n<li>Tipos: cursos especiais (conversa\u00e7\u00e3o, tradu\u00e7\u00e3o, civiliza\u00e7\u00e3o, cursos para crian\u00e7as), ateliers (franc\u00eas jur\u00eddico, medical, aulas de culin\u00e1ria, literatura), aulas particulares \u00e0 la carte, aulas para empresas e cursos online.<\/li>\n<\/ul>\n<h3>Alian\u00e7a Francesa Recife Pre\u00e7os<\/h3>\n<p>Os\u00a0<em>pre\u00e7os<\/em>\u00a0variam de acordo com os cursos escolhidos. Voc\u00ea pode consulta-los entrando em contato com os telefones abaixo.<\/p>\n<h3>Bolsa de Estudos na Alian\u00e7a Francesa Recife<\/h3>\n<p>Na Alian\u00e7a Francesa voc\u00ea pode fazer provas e conseguir\u00a0<em>descontos no seu curso<\/em>, fique atento ao site para n\u00e3o perder as datas de inscri\u00e7\u00f5es para essas provas.<\/p>\n<h3>Vagas Alian\u00e7a Francesa Recife \u2013 Trabalhe Conosco<\/h3>\n<p>A Alian\u00e7a Francesa Recife disponibiliza\u00a0<em>vagas de trabalho<\/em>\u00a0durante todo ano. Para se informar sobre os processos seletivos e se candidatar as vagas acompanhe o site da empresa, onde \u00e9 poss\u00edvel se informar sobre vagas abertas, sal\u00e1rios e compet\u00eancias necess\u00e1rias para se candidatar ao processo.<\/p>\n<h3>Hor\u00e1rio de Funcionamento Alian\u00e7a Francesa em Recife<\/h3>\n<ul>\n<li>Segunda a Quinta das 08h \u00e0s 21h \/ Sexta das 08h \u00e0s 19h \/ S\u00e1bado das 08h \u00e0s 12h<\/li>\n<\/ul>\n<h3>Endere\u00e7o e Telefone Alian\u00e7a Francesa em Recife<\/h3>\n<ul>\n<li><strong>Derby:<\/strong> Rua Amaro Bezerra, 466 &#8211; Telefone: (81) 3202-6262 7-19<\/li>\n<li><strong>Boa Viagem:<\/strong> Av. Engenheiro Domingos Ferreira, 2238 &#8211; Telefone: (81) 3325-4312<\/li>\n<\/ul>\n<h4>Outras informa\u00e7\u00f5es e site<\/h4>\n<ul>\n<li>Mais informa\u00e7\u00f5es:\u00a0<a href=\"https:\/\/af.rec.br\" target=\"_blank\" rel=\"noopener noreferrer\">www.af.rec.br<\/a><\/li>\n<\/ul>\n<h4>Mapa de localiza\u00e7\u00e3o Derby<\/h4>\n<a class=\"wp-colorbox-iframe\" href=\"https:\/\/www.google.com\/maps\/embed?pb=!1m18!1m12!1m3!1d3950.4689065384364!2d-34.90246998522008!3d-8.053557894201154!2m3!1f0!2f0!3f0!3m2!1i1024!2i768!4f13.1!3m3!1m2!1s0x7ab18e739f411bf0xcde09abdb83b9eb5!2sR.AmaroBezerra466-DerbyRecife-PE52010-150!5e0!3m2!1spt-BR!2sbr!4v1570090722164!5m2!1spt-BR!2sbr\"><img src=\"http:\/\/www.encontrarecife.com.br\/imgs\/maps-post.png\"><\/a>\n\n<div style=\"font-size: 0px; height: 0px; line-height: 0px; margin: 0; padding: 0; clear: both;\"><\/div>","protected":false},"excerpt":{"rendered":"<p>Criada em 21 de julho de 1883 por personalidades como Jules Verne e Louis Pasteur, a\u00a0Alian\u00e7a Francesa\u00a0Recife \u00e9 uma institui\u00e7\u00e3o sem fins lucrativos,\u00a0de reconhecida utilidade p\u00fablica, cujos objetivos s\u00e3o a difus\u00e3o da l\u00edngua francesa, das culturas franc\u00f3fonas e a promo\u00e7\u00e3o da diversidade cultural. Os valores da Alian\u00e7a Francesa s\u00e3o a \u00e9tica, o respeito m\u00fatuo, a responsabilidade social e ambiental, o espirito de equipe e o comprometimento.\u00a0 Esses s\u00e3o os princ\u00edpios da Alian\u00e7a ao promover o ensino do franc\u00eas como idioma estrangeiro e ao oferecer atividades culturais franc\u00f3fonas e com artistas locais, refor\u00e7ando assim os la\u00e7os com a comunidade local. Ela <\/p>\n","protected":false},"author":1,"featured_media":1512,"comment_status":"open","ping_status":"closed","sticky":false,"template":"","format":"standard","meta":[],"categories":[3],"tags":[],"aioseo_notices":[],"_links":{"self":[{"href":"https:\/\/www.encontrarecife.com.br\/sobre\/wp-json\/wp\/v2\/posts\/1511"}],"collection":[{"href":"https:\/\/www.encontrarecife.com.br\/sobre\/wp-json\/wp\/v2\/posts"}],"about":[{"href":"https:\/\/www.encontrarecife.com.br\/sobre\/wp-json\/wp\/v2\/types\/post"}],"author":[{"embeddable":true,"href":"https:\/\/www.encontrarecife.com.br\/sobre\/wp-json\/wp\/v2\/users\/1"}],"replies":[{"embeddable":true,"href":"https:\/\/www.encontrarecife.com.br\/sobre\/wp-json\/wp\/v2\/comments?post=1511"}],"version-history":[{"count":0,"href":"https:\/\/www.encontrarecife.com.br\/sobre\/wp-json\/wp\/v2\/posts\/1511\/revisions"}],"wp:featuredmedia":[{"embeddable":true,"href":"https:\/\/www.encontrarecife.com.br\/sobre\/wp-json\/wp\/v2\/media\/1512"}],"wp:attachment":[{"href":"https:\/\/www.encontrarecife.com.br\/sobre\/wp-json\/wp\/v2\/media?parent=1511"}],"wp:term":[{"taxonomy":"category","embeddable":true,"href":"https:\/\/www.encontrarecife.com.br\/sobre\/wp-json\/wp\/v2\/categories?post=1511"},{"taxonomy":"post_tag","embeddable":true,"href":"https:\/\/www.encontrarecife.com.br\/sobre\/wp-json\/wp\/v2\/tags?post=1511"}],"curies":[{"name":"wp","href":"https:\/\/api.w.org\/{rel}","templated":true}]}}